{"id":7480,"date":"2026-09-02T18:07:08","date_gmt":"2026-09-02T17:07:08","guid":{"rendered":"https:\/\/chess.vstecb.cz\/?p=7480"},"modified":"2026-09-02T18:10:48","modified_gmt":"2026-09-02T17:10:48","slug":"letni-tabor-sachove-akademie-vste-2026","status":"publish","type":"post","link":"https:\/\/chess.vstecb.cz\/index.php\/2026\/09\/02\/letni-tabor-sachove-akademie-vste-2026\/","title":{"rendered":"Letn\u00ed t\u00e1bor \u0160achov\u00e9 akademie V\u0160TE 2026"},"content":{"rendered":"\n<p>Ve dnech 10.-14.8.2026 po\u0159\u00e1dala \u0160achov\u00e1 akademie V\u0160TE p\u0159\u00edm\u011bstsk\u00fd \u0161achov\u00fd t\u00e1bor. T\u00e1bora se z\u00fa\u010dastnilo 16 chlapc\u016f z\u00a0r\u016fzn\u00fdch odd\u00edl\u016f v\u010d. neregistrovan\u00fdch ve v\u011bku 6 &#8211; 14 let, o kter\u00e9 se starali tren\u00e9\u0159i Martina \u0160\u0165astn\u00e1, Marek Garabik a vedouc\u00ed t\u00e1bora Ruda \u010cern\u00edk.  <\/p>\n\n\n\n<p>Program t\u00e1bora za\u010d\u00ednal ka\u017ed\u00e9 r\u00e1no v\u00a08 hod. \u00da\u010dastn\u00edky t\u00e1bora jsme vzhledem k\u00a0rozd\u00edln\u00e9 \u0161achov\u00e9 v\u00fdkonnosti rozd\u011blili na dv\u011b skupiny &#8211; ty pokro\u010dil\u00e9 vedl Marek, ty m\u00e9n\u011b pokro\u010dil\u00e9 Martina. Prvn\u00ed \u010d\u00e1st v\u00fduky \u0161achu do cca 9:30 byla zam\u011b\u0159ena zejm\u00e9na na taktiku, kter\u00e1 spo\u010d\u00edvala v\u00a0\u0159e\u0161en\u00ed diagram\u016f. N\u00e1sledovala sva\u010dina, po kter\u00e9 bylo na po\u0159adu pokra\u010dov\u00e1n\u00ed \u0161achov\u00e9 v\u00fduky \u2013 zah\u00e1jen\u00ed, st\u0159edn\u00ed hra, koncovky.<\/p>\n\n\n\n<figure class=\"wp-block-image size-large\"><img loading=\"lazy\" width=\"1024\" height=\"536\" src=\"https:\/\/chess.vstecb.cz\/wp-content\/uploads\/2026\/09\/spolecna-1-1024x536.jpg\" alt=\"\" class=\"wp-image-7483\" srcset=\"https:\/\/chess.vstecb.cz\/wp-content\/uploads\/2026\/09\/spolecna-1-1024x536.jpg 1024w, https:\/\/chess.vstecb.cz\/wp-content\/uploads\/2026\/09\/spolecna-1-300x157.jpg 300w, https:\/\/chess.vstecb.cz\/wp-content\/uploads\/2026\/09\/spolecna-1-768x402.jpg 768w, https:\/\/chess.vstecb.cz\/wp-content\/uploads\/2026\/09\/spolecna-1-1536x804.jpg 1536w, https:\/\/chess.vstecb.cz\/wp-content\/uploads\/2026\/09\/spolecna-1-2048x1072.jpg 2048w\" sizes=\"(max-width: 1024px) 100vw, 1024px\" \/><\/figure>\n\n\n\n<p>V\u00a0p\u0159\u00edpad\u011b p\u0159\u00edzniv\u00e9ho po\u010das\u00ed byl za\u0159azen sportovn\u00ed program, kde se na h\u0159i\u0161ti d\u011bti \u201evy\u0159\u00e1dily\u201c, vzhledem ke slo\u017een\u00ed, v\u00a0jednozna\u010dn\u011b preferovan\u00e9m fotbalu.<\/p>\n\n\n\n<figure class=\"wp-block-image size-large\"><img loading=\"lazy\" width=\"1024\" height=\"494\" src=\"https:\/\/chess.vstecb.cz\/wp-content\/uploads\/2026\/09\/fotbal2-1024x494.jpg\" alt=\"\" class=\"wp-image-7482\" srcset=\"https:\/\/chess.vstecb.cz\/wp-content\/uploads\/2026\/09\/fotbal2-1024x494.jpg 1024w, https:\/\/chess.vstecb.cz\/wp-content\/uploads\/2026\/09\/fotbal2-300x145.jpg 300w, https:\/\/chess.vstecb.cz\/wp-content\/uploads\/2026\/09\/fotbal2-768x370.jpg 768w, https:\/\/chess.vstecb.cz\/wp-content\/uploads\/2026\/09\/fotbal2-1536x740.jpg 1536w, https:\/\/chess.vstecb.cz\/wp-content\/uploads\/2026\/09\/fotbal2-2048x987.jpg 2048w\" sizes=\"(max-width: 1024px) 100vw, 1024px\" \/><\/figure>\n\n\n\n<p>Po ob\u011bd\u011b v\u00a0menze \u0161koly, kde m\u011bly d\u011bti na v\u00fdb\u011br za t\u0159\u00ed j\u00eddel, n\u00e1sledovala druh\u00e1 \u010d\u00e1st v\u00fduky \u0161achu, zam\u011b\u0159en\u00e1 na rozbory slavn\u00fdch parti\u00ed, sout\u011b\u017e v\u00a0tipov\u00e1n\u00ed tah\u016f apod. Sou\u010d\u00e1st\u00ed t\u00e1bora byl turnaj v\u00a0rapid \u0161achu se zapisov\u00e1n\u00edm parti\u00ed, kter\u00e9 se po sehr\u00e1n\u00ed ka\u017ed\u00e9ho kola ve skupin\u00e1ch spole\u010dn\u011b rozeb\u00edraly. I v\u00a0odpoledn\u00edm bloku, rozd\u011blen\u00e9m sva\u010dinou, se na\u0161el \u010das na fotbal. Denn\u00ed program kon\u010dil v\u00a016 hodin. <\/p>\n\n\n\n<p>Ve st\u0159edu 12.8.2026 jsme se v\u0161ichni s\u00a0v\u00fdjimkou Marka, kter\u00fd odjel do Prahy na bleskov\u00fd turnaj, vypravili autobusem na v\u00fdlet. Dojeli jsme do \u00dadol\u00ed u Nov\u00fdch Hrad\u016f, odkud jsme si ud\u011blali v\u00fdlet Ter\u010dinn\u00fdm \u00fadol\u00edm pod\u00e9l Stropnice k\u00a0tvrzi Cukn\u0161tejn a okruhem jsme do\u0161li do Nov\u00fdch Hrad\u016f do Hotelu M\u00e1j.<\/p>\n\n\n\n<figure class=\"wp-block-image size-large\"><img loading=\"lazy\" width=\"1024\" height=\"504\" src=\"https:\/\/chess.vstecb.cz\/wp-content\/uploads\/2026\/09\/vylet-1024x504.jpg\" alt=\"\" class=\"wp-image-7484\" srcset=\"https:\/\/chess.vstecb.cz\/wp-content\/uploads\/2026\/09\/vylet-1024x504.jpg 1024w, https:\/\/chess.vstecb.cz\/wp-content\/uploads\/2026\/09\/vylet-300x148.jpg 300w, https:\/\/chess.vstecb.cz\/wp-content\/uploads\/2026\/09\/vylet-768x378.jpg 768w, https:\/\/chess.vstecb.cz\/wp-content\/uploads\/2026\/09\/vylet-1536x756.jpg 1536w, https:\/\/chess.vstecb.cz\/wp-content\/uploads\/2026\/09\/vylet-2048x1008.jpg 2048w\" sizes=\"(max-width: 1024px) 100vw, 1024px\" \/><\/figure>\n\n\n\n<p>\u00a0Po kr\u00e1tk\u00e9m ob\u010derstven\u00ed jsme se vydali do Novohradsk\u00e9ho muzea, kde se k\u00a0n\u00e1m p\u0159idali Jan a Jindra Dvo\u0159\u00e1kovi. Z\u00a0t\u0159\u00ed nejzku\u0161en\u011bj\u0161\u00edch hr\u00e1\u010d\u016f &#8211;\u00a0 Kry\u0161tofa, Adama a Tondy &#8211; jsme ud\u011blali kapit\u00e1ny, kte\u0159\u00ed si vybrali \u010dleny do sv\u00e9ho \u0161esti\u010dlenn\u00e9ho dru\u017estva, kter\u00e1 sehr\u00e1la turnaj ka\u017ed\u00e9 s\u00a0ka\u017ed\u00fdm v\u00a0rapidu.<\/p>\n\n\n\n<figure class=\"wp-block-image size-large is-resized\"><img loading=\"lazy\" src=\"https:\/\/chess.vstecb.cz\/wp-content\/uploads\/2026\/09\/kic3-1024x808.jpg\" alt=\"\" class=\"wp-image-7485\" width=\"471\" height=\"370\"\/><\/figure>\n\n\n\n<figure class=\"wp-block-image size-large is-resized\"><img loading=\"lazy\" src=\"https:\/\/chess.vstecb.cz\/wp-content\/uploads\/2026\/09\/kic2-1024x531.jpg\" alt=\"\" class=\"wp-image-7486\" width=\"474\" height=\"245\" srcset=\"https:\/\/chess.vstecb.cz\/wp-content\/uploads\/2026\/09\/kic2-1024x531.jpg 1024w, https:\/\/chess.vstecb.cz\/wp-content\/uploads\/2026\/09\/kic2-300x156.jpg 300w, https:\/\/chess.vstecb.cz\/wp-content\/uploads\/2026\/09\/kic2-768x399.jpg 768w, https:\/\/chess.vstecb.cz\/wp-content\/uploads\/2026\/09\/kic2-1536x797.jpg 1536w, https:\/\/chess.vstecb.cz\/wp-content\/uploads\/2026\/09\/kic2-2048x1063.jpg 2048w\" sizes=\"(max-width: 474px) 100vw, 474px\" \/><\/figure>\n\n\n\n<p>Po turnaji a n\u00e1v\u0161t\u011bv\u011b \u010certovsk\u00e9ho muzej\u00ed\u010dka n\u00e1sledovala cesta do \u010c. Bud\u011bjovic, kde na z\u00e1jemce \u010dekala n\u00e1v\u0161t\u011bva mezist\u00e1tn\u00edho hokejov\u00e9ho utk\u00e1n\u00ed Motor \u010c. Bud\u011bjovice \u2013 RB Salzburk. <\/p>\n\n\n\n<p>V\u00a0p\u00e1tek byl po dopoledn\u00edch p\u0159edn\u00e1\u0161k\u00e1ch a ob\u011bd\u011b dokon\u010den \u0161achov\u00fd turnaj a po vyhl\u00e1\u0161en\u00ed v\u00fdsledk\u016f \u0161achov\u00fdch a fotbalov\u00fdch turnaj\u016f a celkov\u00fdm zhodnocen\u00edm byl p\u0159\u00edm\u011bstsk\u00fd t\u00e1bor zakon\u010den.  <\/p>\n\n\n\n<p>Cel\u00fd \u0161achov\u00fd t\u00e1bor prob\u011bhl i p\u0159es pom\u011brn\u011b vysok\u00e9 venkovn\u00ed teploty v\u00a0pohod\u011b a d\u011bti vyj\u00e1d\u0159ily p\u0159\u00e1n\u00ed setkat se i za rok. Stravov\u00e1n\u00ed a pitn\u00fd re\u017eim byl k\u00a0v\u0161eobecn\u00e9 spokojenosti zaji\u0161t\u011bn v\u00a0menze V\u0160TE, kter\u00e1 n\u00e1m tak\u00e9 na st\u0159ede\u010dn\u00ed v\u00fdlet p\u0159ipravila bal\u00ed\u010dek na cestu.<\/p>\n\n\n\n<p>\u010c. Bud\u011bjovice 15.8.2026<\/p>\n","protected":false},"excerpt":{"rendered":"<p>Ve dnech 10.-14.8.2026 po\u0159\u00e1dala \u0160achov\u00e1 akademie V\u0160TE p\u0159\u00edm\u011bstsk\u00fd \u0161achov\u00fd t\u00e1bor. T\u00e1bora se z\u00fa\u010dastnilo 16 chlapc\u016f z\u00a0r\u016fzn\u00fdch odd\u00edl\u016f v\u010d. neregistrovan\u00fdch ve v\u011bku 6 &#8211; 14 let, o kter\u00e9 se starali tren\u00e9\u0159i Martina \u0160\u0165astn\u00e1, Marek Garabik a vedouc\u00ed t\u00e1bora Ruda \u010cern\u00edk. Program t\u00e1bora za\u010d\u00ednal ka\u017ed\u00e9 r\u00e1no v\u00a08 hod. \u00da\u010dastn\u00edky t\u00e1bora jsme vzhledem k\u00a0rozd\u00edln\u00e9 \u0161achov\u00e9 v\u00fdkonnosti rozd\u011blili na &hellip; <a href=\"https:\/\/chess.vstecb.cz\/index.php\/2026\/09\/02\/letni-tabor-sachove-akademie-vste-2026\/\" class=\"more-link\">Pokra\u010dov\u00e1n\u00ed textu <span class=\"screen-reader-text\">Letn\u00ed t\u00e1bor \u0160achov\u00e9 akademie V\u0160TE 2026<\/span> <span class=\"meta-nav\">&rarr;<\/span><\/a><\/p>\n","protected":false},"author":2,"featured_media":0,"comment_status":"closed","ping_status":"open","sticky":false,"template":"","format":"standard","meta":[],"categories":[1],"tags":[],"_links":{"self":[{"href":"https:\/\/chess.vstecb.cz\/index.php\/wp-json\/wp\/v2\/posts\/7480"}],"collection":[{"href":"https:\/\/chess.vstecb.cz\/index.php\/wp-json\/wp\/v2\/posts"}],"about":[{"href":"https:\/\/chess.vstecb.cz\/index.php\/wp-json\/wp\/v2\/types\/post"}],"author":[{"embeddable":true,"href":"https:\/\/chess.vstecb.cz\/index.php\/wp-json\/wp\/v2\/users\/2"}],"replies":[{"embeddable":true,"href":"https:\/\/chess.vstecb.cz\/index.php\/wp-json\/wp\/v2\/comments?post=7480"}],"version-history":[{"count":4,"href":"https:\/\/chess.vstecb.cz\/index.php\/wp-json\/wp\/v2\/posts\/7480\/revisions"}],"predecessor-version":[{"id":7492,"href":"https:\/\/chess.vstecb.cz\/index.php\/wp-json\/wp\/v2\/posts\/7480\/revisions\/7492"}],"wp:attachment":[{"href":"https:\/\/chess.vstecb.cz\/index.php\/wp-json\/wp\/v2\/media?parent=7480"}],"wp:term":[{"taxonomy":"category","embeddable":true,"href":"https:\/\/chess.vstecb.cz\/index.php\/wp-json\/wp\/v2\/categories?post=7480"},{"taxonomy":"post_tag","embeddable":true,"href":"https:\/\/chess.vstecb.cz\/index.php\/wp-json\/wp\/v2\/tags?post=7480"}],"curies":[{"name":"wp","href":"https:\/\/api.w.org\/{rel}","templated":true}]}}